{"id":386,"__str__":"Autoria: Adriano da Ambul\u00e2ncia - Mo\u00e7\u00e3o n\u00ba 1 de 2026","link_detail_backend":"/materia/autoria/386","metadata":{},"primeiro_autor":false,"autor":8,"materia":369}